{"id":6983,"date":"2020-01-14T07:57:29","date_gmt":"2020-01-14T07:57:29","guid":{"rendered":"https:\/\/www.monello.hu\/?p=6983"},"modified":"2020-02-02T10:01:01","modified_gmt":"2020-02-02T10:01:01","slug":"vasarloi-visszajelzesek-2020-januar","status":"publish","type":"post","link":"https:\/\/www.monello.hu\/en\/2020\/01\/14\/vasarloi-visszajelzesek-2020-januar\/","title":{"rendered":"V\u00e1s\u00e1rl\u00f3i visszajelz\u00e9sek &#8211; 2020. janu\u00e1r"},"content":{"rendered":"<p>Dr\u00e1ga L\u00e1nyok,<\/p>\n\n\n\n<p>ez itt a Mi szem\u00e9lyes falunk, ahol viszontl\u00e1thatj\u00e1tok saj\u00e1t kis Monello bab\u00e1tokat is.<\/p>\n\n\n\n<p>\u00dagy d\u00f6nt\u00f6tt\u00fcnk, hogy <strong>havi szinten<\/strong> fogjuk kategoriz\u00e1lni a mont\u00e1zsokat, \u00edgy ti is k\u00f6nnyebben vissza tudj\u00e1tok keresni, amennyiben szeretn\u00e9tek.&nbsp; <strong>Mindig a leg\u00fajabb mont\u00e1zs l\u00e1that\u00f3 legfel\u00fcl egy adott h\u00f3napon bel\u00fcl is.<\/strong><\/p>\n\n\n\n<p>Ha szeretn\u00e9tek ti is mont\u00e1zst, k\u00fcldjetek fot\u00f3t a Monello  term\u00e9ketekkel nek\u00fcnk Fb \u00fczenetben egy r\u00f6vid le\u00edr\u00e1ssal, hogy mi\u00e9rt  szeretitek. Babameleg\u00edt\u0151 Kiscsillag eset\u00e9n k\u00e9rlek \u00edrj\u00e1tok meg az al\u00e1bbi  adatok is: a k\u00e9pen l\u00e1that\u00f3 baba neve, kora, testhossza \u00e9s a kiscsillag  m\u00e9rete. K\u00f6sz\u00f6nj\u00fck!<\/p>\n\n\n\n<p><strong>Janu\u00e1r 31.<\/strong><\/p>\n\n\n\n<div class=\"wp-block-image\"><figure class=\"aligncenter\"><a href=\"https:\/\/www.monello.hu\/en\/product-category-2\/teli_babamelegito_kiscsillag\/\"><img loading=\"lazy\" decoding=\"async\" width=\"940\" height=\"788\" src=\"https:\/\/www.monello.hu\/wp-content\/uploads\/2020\/01\/Diana_Nagy.png\" alt=\"\" class=\"wp-image-7139\" srcset=\"https:\/\/www.monello.hu\/wp-content\/uploads\/2020\/01\/Diana_Nagy.png 940w, https:\/\/www.monello.hu\/wp-content\/uploads\/2020\/01\/Diana_Nagy-300x251.png 300w, https:\/\/www.monello.hu\/wp-content\/uploads\/2020\/01\/Diana_Nagy-768x644.png 768w, https:\/\/www.monello.hu\/wp-content\/uploads\/2020\/01\/Diana_Nagy-600x503.png 600w\" sizes=\"auto, (max-width: 940px) 100vw, 940px\" \/><\/a><\/figure><\/div>\n\n\n\n<p><em>&#8222;Meg\u00e9rkezett a mi kiscsillagunk is, majd\u2019 3 \u00f3ra alv\u00e1ssal fel is avattuk! Baba kipihent, anya boldog! Domi \u00e9s anyuk\u00e1ja Domi 8 h\u00f3napos, 74 cm, a <a href=\"https:\/\/www.monello.hu\/en\/product-category-2\/teli_babamelegito_kiscsillag\/\">kiscsillag<\/a> meg 86-os, de t\u00f6k\u00e9letes! Tavasszal beszerzek egy tavaszi modellt is!&#8221;<\/em> Diana, Domi anyuk\u00e1ja <\/p>\n\n\n\n<p><em>&#8222;T\u00f6k\u00e9letes! Legjobb v\u00e1laszt\u00e1s volt!&#8221;<\/em> Diana *****-os \u00e9rt\u00e9kel\u00e9se a Monello baby&amp;more <a href=\"https:\/\/www.facebook.com\/monellobabyandmore\">Facebook oldal\u00e1n<\/a><\/p>\n\n\n\n<p><strong>Janu\u00e1r 30.<\/strong><\/p>\n\n\n\n<div class=\"wp-block-image\"><figure class=\"aligncenter\"><a href=\"https:\/\/www.monello.hu\/en\/product-category-2\/babamelegito_kicsillag\/\"><img loading=\"lazy\" decoding=\"async\" width=\"940\" height=\"788\" src=\"https:\/\/www.monello.hu\/wp-content\/uploads\/2020\/01\/Ipoly_Nikolett.png\" alt=\"\" class=\"wp-image-7128\" srcset=\"https:\/\/www.monello.hu\/wp-content\/uploads\/2020\/01\/Ipoly_Nikolett.png 940w, https:\/\/www.monello.hu\/wp-content\/uploads\/2020\/01\/Ipoly_Nikolett-300x251.png 300w, https:\/\/www.monello.hu\/wp-content\/uploads\/2020\/01\/Ipoly_Nikolett-768x644.png 768w, https:\/\/www.monello.hu\/wp-content\/uploads\/2020\/01\/Ipoly_Nikolett-600x503.png 600w\" sizes=\"auto, (max-width: 940px) 100vw, 940px\" \/><\/a><\/figure><\/div>\n\n\n\n<p><em>&#8222;B\u00e1r m\u00e9g csak 2 napja van meg a csillagunk, szerintem nem csak \u00e1lomporral van meghintve, hanem egy adag mosolyg\u00e1ssal is, az \u00e9n picim ennyire boldog, ha a csillagocsk\u00e1j\u00e1ban van. &nbsp;Zente, 8 hetes, 62-es ruh\u00e1kat hord 68-as <a href=\"https:\/\/www.monello.hu\/en\/product-category-2\/babamelegito_kicsillag\/\">a csillagunk<\/a>.&#8221;<\/em> Nikolett, Zente anyuk\u00e1ja <\/p>\n\n\n\n<p><strong>Janu\u00e1r 28.<\/strong><\/p>\n\n\n\n<figure class=\"wp-block-image\"><a href=\"https:\/\/www.monello.hu\/en\/product-category-2\/teli_babamelegito_kiscsillag\/\"><img loading=\"lazy\" decoding=\"async\" width=\"940\" height=\"788\" src=\"https:\/\/www.monello.hu\/wp-content\/uploads\/2020\/01\/Battane_Dancs_Reka.png\" alt=\"\" class=\"wp-image-7114\" srcset=\"https:\/\/www.monello.hu\/wp-content\/uploads\/2020\/01\/Battane_Dancs_Reka.png 940w, https:\/\/www.monello.hu\/wp-content\/uploads\/2020\/01\/Battane_Dancs_Reka-300x251.png 300w, https:\/\/www.monello.hu\/wp-content\/uploads\/2020\/01\/Battane_Dancs_Reka-768x644.png 768w, https:\/\/www.monello.hu\/wp-content\/uploads\/2020\/01\/Battane_Dancs_Reka-600x503.png 600w\" sizes=\"auto, (max-width: 940px) 100vw, 940px\" \/><\/a><\/figure>\n\n\n\n<p><em>&#8222;El\u0151sz\u00f6r is ez az egyik legjobb term\u00e9k, amit a gyerekemnek vettem. Praktikus, pihe puha, meleg. K\u00f6telez\u0151v\u00e9 tenn\u00e9m a kiscsillagnak a beszerz\u00e9s\u00e9t. Nek\u00fcnk nagyon megk\u00f6nny\u00edtik a k\u00e9sz\u00fcl\u0151d\u00e9st. Nincs t\u00f6bb s\u00edr\u00e1s, ami\u00e9rt bele passz\u00edroztam eddig egy overallba. Nem mellesleg j\u00f3kat alszik benne. H\u00e1l\u00e1san k\u00f6sz\u00f6n\u00f6m. Kisl\u00e1nyom: Bogl\u00e1rka, 5,5 h\u00f3napos, Kb 68 cm<br> A k\u00e9pen egy 80-as <a href=\"https:\/\/www.monello.hu\/en\/product-category-2\/teli_babamelegito_kiscsillag\/\">t\u00e9li babacsillagot<\/a> visel. Nagyon szuper, puha, meleg. Alapdarab minden bab\u00e1nak! Mindennap haszn\u00e1ljuk. Annyira k\u00f6nny\u0171 vele az \u00e9let!&#8221;<\/em> R\u00e9ka, Bogi anyuk\u00e1ja<\/p>\n\n\n\n<p><strong>Janu\u00e1r 27.<\/strong><\/p>\n\n\n\n<figure class=\"wp-block-image\"><a href=\"https:\/\/www.monello.hu\/en\/product-category-2\/babamelegito_kicsillag\/\"><img loading=\"lazy\" decoding=\"async\" width=\"940\" height=\"788\" src=\"https:\/\/www.monello.hu\/wp-content\/uploads\/2020\/01\/Vivien_Kertesz_Katni.png\" alt=\"\" class=\"wp-image-7105\" srcset=\"https:\/\/www.monello.hu\/wp-content\/uploads\/2020\/01\/Vivien_Kertesz_Katni.png 940w, https:\/\/www.monello.hu\/wp-content\/uploads\/2020\/01\/Vivien_Kertesz_Katni-300x251.png 300w, https:\/\/www.monello.hu\/wp-content\/uploads\/2020\/01\/Vivien_Kertesz_Katni-768x644.png 768w, https:\/\/www.monello.hu\/wp-content\/uploads\/2020\/01\/Vivien_Kertesz_Katni-600x503.png 600w\" sizes=\"auto, (max-width: 940px) 100vw, 940px\" \/><\/a><\/figure>\n\n\n\n<p><em>&#8222;K\u00f6sz\u00f6nj\u00fck sz\u00e9pen megkaptuk a kiscsillagot \u00e9s nagyon meg vagyunk vele el\u00e9gedve. Pihe-puha anyag, a kisfiam ki sem akart sz\u00e1llni bel\u0151le. Most 60cm \u00e9s 62 m\u00e9retet hord \u00e9s a tan\u00e1csotokra 74es <a href=\"https:\/\/www.monello.hu\/en\/product-category-2\/babamelegito_kicsillag\/\">kiscsillagot<\/a> rendeltem. P\u00e9ter a kisfiam a k\u00e9pen 8 Hetes.&#8221;<\/em> Vivien, P\u00e9ter anyuk\u00e1ja<\/p>\n\n\n\n<p><strong>Janu\u00e1r 26.<\/strong><\/p>\n\n\n\n<div class=\"wp-block-image\"><figure class=\"aligncenter\"><a href=\"https:\/\/www.monello.hu\/en\/product-category-2\/teli_babamelegito_kiscsillag\/\"><img loading=\"lazy\" decoding=\"async\" width=\"940\" height=\"788\" src=\"https:\/\/www.monello.hu\/wp-content\/uploads\/2020\/01\/Lehnert_Viktoria.png\" alt=\"\" class=\"wp-image-7096\" srcset=\"https:\/\/www.monello.hu\/wp-content\/uploads\/2020\/01\/Lehnert_Viktoria.png 940w, https:\/\/www.monello.hu\/wp-content\/uploads\/2020\/01\/Lehnert_Viktoria-300x251.png 300w, https:\/\/www.monello.hu\/wp-content\/uploads\/2020\/01\/Lehnert_Viktoria-768x644.png 768w, https:\/\/www.monello.hu\/wp-content\/uploads\/2020\/01\/Lehnert_Viktoria-600x503.png 600w\" sizes=\"auto, (max-width: 940px) 100vw, 940px\" \/><\/a><\/figure><\/div>\n\n\n\n<p><em>&#8222;Ma megyek a csillag\u00e9rt V\u00e1cra a Peggy Baby Shopba, ott f\u00e9lre tett\u00e9k nekem. Ez uszi ut\u00e1n k\u00e9sz\u00fclt. Az\u00e9rt vettem 80-as csillagot a 63cm-es l\u00e1nyomnak, mert a 68-as ruh\u00e1k is kezdenek kicsik lenni, m\u00e1r ink\u00e1bb 74-eseket hord, ugyanis 8kg, Aliz. 4,5 h\u00f3napos. 63cm. A <a href=\"https:\/\/www.monello.hu\/en\/product-category-2\/teli_babamelegito_kiscsillag\/\">t\u00e9li csillag<\/a> 80-as.&#8221; <\/em>Vikt\u00f3ira, Al\u00edz anyuk\u00e1ja <\/p>\n\n\n\n<p><strong>Janu\u00e1r 25.<\/strong><\/p>\n\n\n\n<figure class=\"wp-block-image\"><a href=\"https:\/\/www.monello.hu\/en\/product-category-2\/babamelegito_kicsillag\/\"><img loading=\"lazy\" decoding=\"async\" width=\"940\" height=\"788\" src=\"https:\/\/www.monello.hu\/wp-content\/uploads\/2020\/01\/Laura_Peter.png\" alt=\"\" class=\"wp-image-7087\" srcset=\"https:\/\/www.monello.hu\/wp-content\/uploads\/2020\/01\/Laura_Peter.png 940w, https:\/\/www.monello.hu\/wp-content\/uploads\/2020\/01\/Laura_Peter-300x251.png 300w, https:\/\/www.monello.hu\/wp-content\/uploads\/2020\/01\/Laura_Peter-768x644.png 768w, https:\/\/www.monello.hu\/wp-content\/uploads\/2020\/01\/Laura_Peter-600x503.png 600w\" sizes=\"auto, (max-width: 940px) 100vw, 940px\" \/><\/a><\/figure>\n\n\n\n<p><em>&#8222;K\u00f6sz\u00f6nj\u00fck sz\u00e9pen a csillagocsk\u00e1t \u00e9s az aj\u00e1nd\u00e9k extra pelusp\u00e1rn\u00e1t is!                                                 Dalma baba m\u00e1r teszteli is. Dalma 3 h\u00f3napos, kb 64 cm \u00e9s 74es a <a href=\"https:\/\/www.monello.hu\/en\/product-category-2\/babamelegito_kicsillag\/\">kiscsillagja.<\/a>&#8222;<\/em> Laura, Dalma anyuk\u00e1ja<\/p>\n\n\n\n<p><strong>Janu\u00e1r 23.<\/strong><\/p>\n\n\n\n<figure class=\"wp-block-image\"><a href=\"https:\/\/www.monello.hu\/en\/product-category-2\/teli_babamelegito_kiscsillag\/\"><img loading=\"lazy\" decoding=\"async\" width=\"940\" height=\"788\" src=\"https:\/\/www.monello.hu\/wp-content\/uploads\/2020\/01\/Meszaros_Rossi_Anna.png\" alt=\"\" class=\"wp-image-7071\" srcset=\"https:\/\/www.monello.hu\/wp-content\/uploads\/2020\/01\/Meszaros_Rossi_Anna.png 940w, https:\/\/www.monello.hu\/wp-content\/uploads\/2020\/01\/Meszaros_Rossi_Anna-300x251.png 300w, https:\/\/www.monello.hu\/wp-content\/uploads\/2020\/01\/Meszaros_Rossi_Anna-768x644.png 768w, https:\/\/www.monello.hu\/wp-content\/uploads\/2020\/01\/Meszaros_Rossi_Anna-600x503.png 600w\" sizes=\"auto, (max-width: 940px) 100vw, 940px\" \/><\/a><\/figure>\n\n\n\n<p><em>&#8222;&#8230;tesztelve a Kiscsillag, nagyon \u00f6r\u00fcl\u00f6k, hogy ezt v\u00e1lasztottam, v\u00e9gre s\u00edr\u00e1s mentes volt az \u00f6lt\u00f6z\u00e9s, nagyon j\u00f3 meleg, \u00e9s puha, \u00edgy nem kell sok minden al\u00e1, nem izzadt be most el\u0151sz\u00f6r, de mikor kivettem bel\u0151le mindenhol j\u00f3 meleg volt.                                                 <br> A sz\u00edne is nagyon vag\u00e1ny, mindenhol megdics\u00e9rt\u00e9k milyen divatos. Kicsit megijedtem, hogy nagy lesz, de a hurcihoz kell a nagyobb m\u00e9ret. J\u00f6v\u0151re is ilyet fogok venni, s\u0151t minden \u00e9vben, k\u00f6sz\u00f6nj\u00fck. Benj\u00e1min, 5 h\u00f3napos \u00e9s 68 cm, a 74-es m\u00e9ret\u0171 <a href=\"https:\/\/www.monello.hu\/en\/product-category-2\/teli_babamelegito_kiscsillag\/\">t\u00e9li kiscsillagot<\/a> haszn\u00e1lja.&#8221;<\/em> Anna Benjamin anyuk\u00e1ja  <\/p>\n\n\n\n<p><strong>Janu\u00e1r 22.<\/strong><\/p>\n\n\n\n<div class=\"wp-block-image\"><figure class=\"aligncenter\"><a href=\"https:\/\/www.monello.hu\/en\/product-category-2\/babamelegito_kicsillag\/\"><img loading=\"lazy\" decoding=\"async\" width=\"940\" height=\"788\" src=\"https:\/\/www.monello.hu\/wp-content\/uploads\/2020\/01\/Vikoria_Vincze3.png\" alt=\"\" class=\"wp-image-7058\" srcset=\"https:\/\/www.monello.hu\/wp-content\/uploads\/2020\/01\/Vikoria_Vincze3.png 940w, https:\/\/www.monello.hu\/wp-content\/uploads\/2020\/01\/Vikoria_Vincze3-300x251.png 300w, https:\/\/www.monello.hu\/wp-content\/uploads\/2020\/01\/Vikoria_Vincze3-768x644.png 768w, https:\/\/www.monello.hu\/wp-content\/uploads\/2020\/01\/Vikoria_Vincze3-600x503.png 600w\" sizes=\"auto, (max-width: 940px) 100vw, 940px\" \/><\/a><\/figure><\/div>\n\n\n\n<p><em>&#8222;Bal oldalon a 21 napos hugica (Mira), jobb oldalon a 10 napos b\u00e1ty\u00f3 3.5 \u00e9ve (Marci). Mind ketten 56os m\u00e9ret\u0171ek, a <a href=\"https:\/\/www.monello.hu\/en\/product-category-2\/babamelegito_kicsillag\/\">csillag<\/a> 62-es                                                  A szemeim csillagf\u00e9nyei.&#8221; <\/em>Vikt\u00f3ria, Mira \u00e9s Marci anyuk\u00e1ja<\/p>\n\n\n\n<p><strong>Janu\u00e1r 20.<\/strong><\/p>\n\n\n\n<figure class=\"wp-block-image\"><a href=\"https:\/\/www.monello.hu\/en\/product-category-2\/teli_babamelegito_kiscsillag\/\"><img loading=\"lazy\" decoding=\"async\" width=\"940\" height=\"788\" src=\"https:\/\/www.monello.hu\/wp-content\/uploads\/2020\/01\/Reti_Somogyi_Noemi.png\" alt=\"\" class=\"wp-image-7034\" srcset=\"https:\/\/www.monello.hu\/wp-content\/uploads\/2020\/01\/Reti_Somogyi_Noemi.png 940w, https:\/\/www.monello.hu\/wp-content\/uploads\/2020\/01\/Reti_Somogyi_Noemi-300x251.png 300w, https:\/\/www.monello.hu\/wp-content\/uploads\/2020\/01\/Reti_Somogyi_Noemi-768x644.png 768w, https:\/\/www.monello.hu\/wp-content\/uploads\/2020\/01\/Reti_Somogyi_Noemi-600x503.png 600w\" sizes=\"auto, (max-width: 940px) 100vw, 940px\" \/><\/a><\/figure>\n\n\n\n<p><em>&#8222;L\u00e1that\u00f3an Zal\u00e1n baba nagyon el\u00e9gedett mindennel. K\u00f6sz\u00f6nj\u00fck sz\u00e9pen! Zal\u00e1n 6 hetes a k\u00e9peken, kb 55cm \u00e9s 68as a <a href=\"https:\/\/www.monello.hu\/en\/product-category-2\/teli_babamelegito_kiscsillag\/\">t\u00e9li kiscsillag.<\/a>&#8222;<\/em> No\u00e9mi, Zal\u00e1n anyuk\u00e1ja<\/p>\n\n\n\n<p><strong>Janu\u00e1r 19.<\/strong><\/p>\n\n\n\n<figure class=\"wp-block-image\"><a href=\"https:\/\/www.monello.hu\/en\/product-category-2\/teli_babamelegito_kiscsillag\/\"><img loading=\"lazy\" decoding=\"async\" width=\"940\" height=\"788\" src=\"https:\/\/www.monello.hu\/wp-content\/uploads\/2020\/01\/Adrienn_Juhasz.png\" alt=\"\" class=\"wp-image-7028\" srcset=\"https:\/\/www.monello.hu\/wp-content\/uploads\/2020\/01\/Adrienn_Juhasz.png 940w, https:\/\/www.monello.hu\/wp-content\/uploads\/2020\/01\/Adrienn_Juhasz-300x251.png 300w, https:\/\/www.monello.hu\/wp-content\/uploads\/2020\/01\/Adrienn_Juhasz-768x644.png 768w, https:\/\/www.monello.hu\/wp-content\/uploads\/2020\/01\/Adrienn_Juhasz-600x503.png 600w\" sizes=\"auto, (max-width: 940px) 100vw, 940px\" \/><\/a><\/figure>\n\n\n\n<p><em>&#8222;Annyira h\u00e1l\u00e1s vagyok ez\u00e9rt a csillag\u00e9rt!!! Bal\u00e1zs \u00e9s \u00e9n is im\u00e1dom! Fantasztikus a term\u00e9k 4 m\u00e1sodperc alatt fel\u00f6lt\u00f6ztetem. Sem \u0151 sem \u00e9n nem izzadunk le. \u00d3ri\u00e1si tal\u00e1lm\u00e1ny. Bal\u00e1zs 9 h\u00f3napos, 78 cm es 92-es <a href=\"https:\/\/www.monello.hu\/en\/product-category-2\/teli_babamelegito_kiscsillag\/\">t\u00e9li csillagot<\/a> rendeltem, hogy min\u00e9l tov\u00e1bb tudjuk hordani.<\/em>&#8221; Adrienn, Bal\u00e1zs anyuk\u00e1ja<\/p>\n\n\n\n<p><em>&#8222;Igen, igen, igen!!!!! Mindent!!!&#8221;<\/em> Adrienn *****-os \u00e9rt\u00e9kel\u00e9se a Monello baby&amp;more <a href=\"https:\/\/www.facebook.com\/monellobabyandmore\">Facebook oldal\u00e1n<\/a><\/p>\n\n\n\n<p><strong>Janu\u00e1r 18.<\/strong><\/p>\n\n\n\n<figure class=\"wp-block-image\"><a href=\"https:\/\/www.monello.hu\/en\/product-category-2\/pihepuha_pelusparna\/\"><img loading=\"lazy\" decoding=\"async\" width=\"940\" height=\"788\" src=\"https:\/\/www.monello.hu\/wp-content\/uploads\/2020\/01\/Laura_Tar2.png\" alt=\"\" class=\"wp-image-7021\" srcset=\"https:\/\/www.monello.hu\/wp-content\/uploads\/2020\/01\/Laura_Tar2.png 940w, https:\/\/www.monello.hu\/wp-content\/uploads\/2020\/01\/Laura_Tar2-300x251.png 300w, https:\/\/www.monello.hu\/wp-content\/uploads\/2020\/01\/Laura_Tar2-768x644.png 768w, https:\/\/www.monello.hu\/wp-content\/uploads\/2020\/01\/Laura_Tar2-600x503.png 600w\" sizes=\"auto, (max-width: 940px) 100vw, 940px\" \/><\/a><\/figure>\n\n\n\n<p><em>&#8221; Csiguszos <a href=\"https:\/\/www.monello.hu\/en\/product-category-2\/pihepuha_pelusparna\/\">pelusp\u00e1rn\u00e1val<\/a>. nagyon puha, olyan j\u00f3kat alszik vele Martinka.&#8221; <\/em>Laura, Martinka anyuk\u00e1ja<\/p>\n\n\n\n<p><strong>Janu\u00e1r 17.<\/strong><\/p>\n\n\n\n<figure class=\"wp-block-image\"><a href=\"https:\/\/www.monello.hu\/en\/product-category-2\/babamelegito_kicsillag\/\"><img loading=\"lazy\" decoding=\"async\" width=\"940\" height=\"788\" src=\"https:\/\/www.monello.hu\/wp-content\/uploads\/2020\/01\/Evi_Szalaine_Fancsi.png\" alt=\"\" class=\"wp-image-7008\" srcset=\"https:\/\/www.monello.hu\/wp-content\/uploads\/2020\/01\/Evi_Szalaine_Fancsi.png 940w, https:\/\/www.monello.hu\/wp-content\/uploads\/2020\/01\/Evi_Szalaine_Fancsi-300x251.png 300w, https:\/\/www.monello.hu\/wp-content\/uploads\/2020\/01\/Evi_Szalaine_Fancsi-768x644.png 768w, https:\/\/www.monello.hu\/wp-content\/uploads\/2020\/01\/Evi_Szalaine_Fancsi-600x503.png 600w\" sizes=\"auto, (max-width: 940px) 100vw, 940px\" \/><\/a><\/figure>\n\n\n\n<p><em>&#8221; Ma meg\u00e9rkezett a v\u00e1rva v\u00e1rt <a href=\"https:\/\/www.monello.hu\/en\/product-category-2\/teli_babamelegito_kiscsillag\/\">t\u00e9li kiscsillag<\/a>, nagyon k\u00f6sz\u00f6nj\u00fck, im\u00e1djuk, ahogy a <a href=\"https:\/\/www.monello.hu\/en\/product-category-2\/babamelegito_kicsillag\/\">hagyom\u00e1nyos csillagot<\/a> \u00e9s a <a href=\"https:\/\/www.monello.hu\/en\/product-category-2\/pihepuha_pelusparna\/\">pelusp\u00e1rn\u00e1kat<\/a> is, ja, \u00e9s a bar\u00e1tn\u0151m <a href=\"https:\/\/www.monello.hu\/en\/product-category-2\/szoptatos_poncso\/\">szopis poncsoja<\/a> is volt p\u00e1rszor k\u00f6lcs\u00f6n! &nbsp;A menta csillag 68-as, azt sz\u00fclet\u00e9s\u00e9t\u0151l haszn\u00e1ltuk eddig (44 cm-rel sz\u00fcletett, korababa), a turkiz \u00e9s a t\u00e9li csillag pedig 80-as. A ruham\u00e9rete most 68, \u00e9s D\u00e1vid 5 h\u00f3napos.&#8221;<\/em> \u00c9vi, D\u00e1vid anyuk\u00e1ja <\/p>\n\n\n\n<p><em>&#8221; Pelusparna, t\u00e9li \u00e9s hagyom\u00e1nyos kiscsillag, szopis poncs\u00f3 tesztelve, mind nagyon bev\u00e1lt, szeretj\u00fck! \u2764\ufe0f h\u00e1l\u00f3zs\u00e1k helyett csak a kiscsillagban szeret aludni.&#8221;<\/em> \u00c9vi *****-os \u00e9rt\u00e9kel\u00e9se a Monello baby&amp;more <a href=\"https:\/\/www.facebook.com\/monellobabyandmore\">Facebook oldal\u00e1n<\/a><\/p>\n\n\n\n<p><strong>Janu\u00e1r 16.<\/strong><\/p>\n\n\n\n<div class=\"wp-block-image\"><figure class=\"aligncenter\"><a href=\"https:\/\/www.monello.hu\/en\/product-category-2\/babamelegito_kicsillag\/\"><img loading=\"lazy\" decoding=\"async\" width=\"940\" height=\"788\" src=\"https:\/\/www.monello.hu\/wp-content\/uploads\/2020\/01\/Eszter_Csillag.png\" alt=\"\" class=\"wp-image-7004\" srcset=\"https:\/\/www.monello.hu\/wp-content\/uploads\/2020\/01\/Eszter_Csillag.png 940w, https:\/\/www.monello.hu\/wp-content\/uploads\/2020\/01\/Eszter_Csillag-300x251.png 300w, https:\/\/www.monello.hu\/wp-content\/uploads\/2020\/01\/Eszter_Csillag-768x644.png 768w, https:\/\/www.monello.hu\/wp-content\/uploads\/2020\/01\/Eszter_Csillag-600x503.png 600w\" sizes=\"auto, (max-width: 940px) 100vw, 940px\" \/><\/a><\/figure><\/div>\n\n\n\n<p><em>&#8222;A 2 \u00e9ves nagyfiam, Vencel (89cm-92es <a href=\"https:\/\/www.monello.hu\/en\/product-category-2\/babamelegito_kicsillag\/\">nyitott l\u00e1bv\u00e9g\u0171 kiscsillaggal<\/a>) nagyon nehezen nyugszik meg elalv\u00e1s el\u0151tt \u00edgy hosszadalmas m\u00edg \u00e1lomba szender\u00fcl de az \u00faj oroszl\u00e1nos kiscsillagban pillanatok alatt megnyugodott \u00e9s elaludt. Az \u00e1lompor hat\u00e1sos!  A kisfiam Marcell extra b\u00faj\u00f3s, csak mint a b\u00e1tyja. \u0150 t\u00e9li kiscsillagot kapott, amit azonnal ki is pr\u00f3b\u00e1ltunk \u00e9lesben \u00e9s term\u00e9szetesen bev\u00e1lt, b\u00fajik hozz\u00e1. A kiscsillag sz\u00e9lben, es\u0151ben \u00e9s \u00e9des \u00e1lmokhoz is j\u00f3. K\u00f6sz\u00f6nj\u00fck sz\u00e9pen!!! <a href=\"https:\/\/www.monello.hu\/en\/product-category-2\/teli_babamelegito_kiscsillag\/\">A t\u00e9li kiscsillag<\/a> 80as, a fiam 63 cm. M\u00e9g<\/em> <em>j\u00f6v\u0151re is j\u00f3 lesz de al\u00e1\u00f6lt\u00f6ztetve most sem esik le r\u00f3la. T\u00f6k\u00e9letes. <br>K\u00f6sz\u00f6n\u00f6m a kedves szavakat, ha egy ilyen szuper dologr\u00f3l sz\u00e1molhatok be, meg\u00e9ri a r\u00e1 sz\u00e1nt id\u0151t. \u00d6r\u00fcln\u00e9k a mont\u00e1zsnak.  T\u00f6bb dolog is vicces ebben. Olvastam, hogy mi ihlete az oroszl\u00e1nos mint\u00e1t&#8230; nagyfiammal igen kem\u00e9nyen k\u00fczd\u00f6tt\u00fcnk mindennel, nagyon kis \u00e9rz\u00e9keny kisfi\u00fa, \u00edgy egyb\u0151l tudtam, hogy ez kell neki, r\u00e1ad\u00e1sul oroszl\u00e1n a csillagjegye.    <br> Marcell fiam 3 h\u00f3napos, Venci nagyfiam k\u00e9t \u00e9v \u00e9s 3 h\u00f3napos. <br> K\u00f6sz\u00f6n\u00f6m, hogy a csoda r\u00e9szesei lehet\u00fcnk. &#8222;<\/em> Eszter, Venci \u00e9s Marcell anyuk\u00e1ja  <\/p>\n\n\n\n<p><strong>Janu\u00e1r 15.<\/strong><\/p>\n\n\n\n<figure class=\"wp-block-image\"><a href=\"https:\/\/www.monello.hu\/en\/product-category-2\/babamelegito_kicsillag\/\"><img loading=\"lazy\" decoding=\"async\" width=\"940\" height=\"788\" src=\"https:\/\/www.monello.hu\/wp-content\/uploads\/2020\/01\/Katalin_Pap2.png\" alt=\"\" class=\"wp-image-6996\" srcset=\"https:\/\/www.monello.hu\/wp-content\/uploads\/2020\/01\/Katalin_Pap2.png 940w, https:\/\/www.monello.hu\/wp-content\/uploads\/2020\/01\/Katalin_Pap2-300x251.png 300w, https:\/\/www.monello.hu\/wp-content\/uploads\/2020\/01\/Katalin_Pap2-768x644.png 768w, https:\/\/www.monello.hu\/wp-content\/uploads\/2020\/01\/Katalin_Pap2-600x503.png 600w\" sizes=\"auto, (max-width: 940px) 100vw, 940px\" \/><\/a><\/figure>\n\n\n\n<p><em>&#8222;A csillagot pedig itthon is szinte folyamatosan haszn\u00e1ljuk.                                               Nimr\u00f3d 2 hetes, 57 cm, a <a href=\"https:\/\/www.monello.hu\/en\/product-category-2\/babamelegito_kicsillag\/\">kiscsillag<\/a> 68-as \u00e9s m\u00e1r a 80-as is a szekr\u00e9nyben pihen.&#8221;<\/em> Katalin, Nimr\u00f3d anyuk\u00e1ja<\/p>\n\n\n\n<p><strong>Janu\u00e1r 14.<\/strong><\/p>\n\n\n\n<figure class=\"wp-block-image\"><a href=\"https:\/\/www.monello.hu\/en\/product-category-2\/teli_babamelegito_kiscsillag\/\"><img loading=\"lazy\" decoding=\"async\" width=\"940\" height=\"788\" src=\"https:\/\/www.monello.hu\/wp-content\/uploads\/2020\/01\/Alexandra_Micu3.png\" alt=\"\" class=\"wp-image-6984\" srcset=\"https:\/\/www.monello.hu\/wp-content\/uploads\/2020\/01\/Alexandra_Micu3.png 940w, https:\/\/www.monello.hu\/wp-content\/uploads\/2020\/01\/Alexandra_Micu3-300x251.png 300w, https:\/\/www.monello.hu\/wp-content\/uploads\/2020\/01\/Alexandra_Micu3-768x644.png 768w, https:\/\/www.monello.hu\/wp-content\/uploads\/2020\/01\/Alexandra_Micu3-600x503.png 600w\" sizes=\"auto, (max-width: 940px) 100vw, 940px\" \/><\/a><\/figure>\n\n\n\n<p><em>&#8222;Tegnap fel is avattuk, &#8222;szerencs\u00e9nkre&#8221; es\u0151ben is siker\u00fclt kipr\u00f3b\u00e1lni&#8230;teljesen oda- vissza vagyok, hogy pergeti le a vizet Arr\u00f3l nem is besz\u00e9lve, hogy alatta csak az &#8222;otthoni&#8221; ruha volt rajta, hossz\u00fa ujj\u00fa body \u00e9s egy v\u00e9kony nadr\u00e1g, \u00e9s m\u00e9gis izzadt kb. benne, a k\u00fcl\u00f6n sapit le is vett\u00fck r\u00f3la. \u0150 itt a fiam, Zente, 6 h\u00f3s 70 cm, a <\/em><a href=\"https:\/\/www.monello.hu\/en\/product-category-2\/teli_babamelegito_kiscsillag\/\"><em>T\u00e9li kiscsillag<\/em><\/a><em> 80-as.  A mostanival egy\u00fctt m\u00e1r 4. csillagot ny\u00fazzuk&#8221;<\/em> Alexandra, Zente anyuk\u00e1ja<\/p>","protected":false},"excerpt":{"rendered":"<p>&#8222;Tegnap fel is avattuk, &#8222;szerencs\u00e9nkre&#8221; es\u0151ben is siker\u00fclt kipr\u00f3b\u00e1lni&#8230;teljesen oda- vissza vagyok, hogy pergeti le a vizet Arr\u00f3l nem is besz\u00e9lve, hogy alatta csak az &#8222;otthoni&#8221; ruha volt rajta, hossz\u00fa ujj\u00fa body \u00e9s egy v\u00e9kony nadr\u00e1g, \u00e9s m\u00e9gis izzadt kb. benne, a k\u00fcl\u00f6n sapit le is vett\u00fck r\u00f3la. \u0150 itt a fiam, Zente, 6 h\u00f3s 70 cm, a T\u00e9li kiscsillag 80-as.  A mostanival egy\u00fctt m\u00e1r 4. csillagot ny\u00fazzuk&#8221; Alexandra, Zente anyuk\u00e1ja >><\/p>","protected":false},"author":33,"featured_media":6985,"comment_status":"open","ping_status":"open","sticky":false,"template":"","format":"standard","meta":{"footnotes":""},"categories":[163],"tags":[171,169],"class_list":["post-6983","post","type-post","status-publish","format-standard","has-post-thumbnail","hentry","category-ti_es_a_monello","tag-mi-es-a-monello","tag-ok-es-a-monello"],"yoast_head":"<!-- This site is optimized with the Yoast SEO plugin v27.3 - https:\/\/yoast.com\/product\/yoast-seo-wordpress\/ -->\n<title>V\u00e1s\u00e1rl\u00f3i visszajelz\u00e9sek - 2020. janu\u00e1r - Monello baby&amp;more<\/title>\n<meta name=\"robots\" content=\"index, follow, max-snippet:-1, max-image-preview:large, max-video-preview:-1\" \/>\n<link rel=\"canonical\" href=\"https:\/\/www.monello.hu\/en\/2020\/01\/14\/vasarloi-visszajelzesek-2020-januar\/\" \/>\n<meta property=\"og:locale\" content=\"en_GB\" \/>\n<meta property=\"og:type\" content=\"article\" \/>\n<meta property=\"og:title\" content=\"V\u00e1s\u00e1rl\u00f3i visszajelz\u00e9sek - 2020. janu\u00e1r - Monello baby&amp;more\" \/>\n<meta property=\"og:description\" content=\"&quot;Tegnap fel is avattuk, &quot;szerencs\u00e9nkre&quot; es\u0151ben is siker\u00fclt kipr\u00f3b\u00e1lni...teljesen oda- vissza vagyok, hogy pergeti le a vizet Arr\u00f3l nem is besz\u00e9lve, hogy alatta csak az &quot;otthoni&quot; ruha volt rajta, hossz\u00fa ujj\u00fa body \u00e9s egy v\u00e9kony nadr\u00e1g, \u00e9s m\u00e9gis izzadt kb. benne, a k\u00fcl\u00f6n sapit le is vett\u00fck r\u00f3la. \u0150 itt a fiam, Zente, 6 h\u00f3s 70 cm, a T\u00e9li kiscsillag 80-as. A mostanival egy\u00fctt m\u00e1r 4. csillagot ny\u00fazzuk&quot; Alexandra, Zente anyuk\u00e1ja &gt;&gt;\" \/>\n<meta property=\"og:url\" content=\"https:\/\/www.monello.hu\/en\/2020\/01\/14\/vasarloi-visszajelzesek-2020-januar\/\" \/>\n<meta property=\"og:site_name\" content=\"Monello baby&amp;more\" \/>\n<meta property=\"article:publisher\" content=\"https:\/\/www.facebook.com\/monellobabyandmore\/\" \/>\n<meta property=\"article:published_time\" content=\"2020-01-14T07:57:29+00:00\" \/>\n<meta property=\"article:modified_time\" content=\"2020-02-02T10:01:01+00:00\" \/>\n<meta property=\"og:image\" content=\"https:\/\/www.monello.hu\/wp-content\/uploads\/2020\/01\/Alexandra_Micu3-1.png\" \/>\n\t<meta property=\"og:image:width\" content=\"940\" \/>\n\t<meta property=\"og:image:height\" content=\"788\" \/>\n\t<meta property=\"og:image:type\" content=\"image\/png\" \/>\n<meta name=\"author\" content=\"MonelloMom\" \/>\n<meta name=\"twitter:card\" content=\"summary_large_image\" \/>\n<meta name=\"twitter:label1\" content=\"Written by\" \/>\n\t<meta name=\"twitter:data1\" content=\"MonelloMom\" \/>\n\t<meta name=\"twitter:label2\" content=\"Estimated reading time\" \/>\n\t<meta name=\"twitter:data2\" content=\"6 minutes\" \/>\n<script type=\"application\/ld+json\" class=\"yoast-schema-graph\">{\"@context\":\"https:\\\/\\\/schema.org\",\"@graph\":[{\"@type\":\"Article\",\"@id\":\"https:\\\/\\\/www.monello.hu\\\/2020\\\/01\\\/14\\\/vasarloi-visszajelzesek-2020-januar\\\/#article\",\"isPartOf\":{\"@id\":\"https:\\\/\\\/www.monello.hu\\\/2020\\\/01\\\/14\\\/vasarloi-visszajelzesek-2020-januar\\\/\"},\"author\":{\"name\":\"MonelloMom\",\"@id\":\"https:\\\/\\\/www.monello.hu\\\/#\\\/schema\\\/person\\\/6d1c199967570661488f2988b301b3a8\"},\"headline\":\"V\u00e1s\u00e1rl\u00f3i visszajelz\u00e9sek &#8211; 2020. janu\u00e1r\",\"datePublished\":\"2020-01-14T07:57:29+00:00\",\"dateModified\":\"2020-02-02T10:01:01+00:00\",\"mainEntityOfPage\":{\"@id\":\"https:\\\/\\\/www.monello.hu\\\/2020\\\/01\\\/14\\\/vasarloi-visszajelzesek-2020-januar\\\/\"},\"wordCount\":1279,\"commentCount\":0,\"publisher\":{\"@id\":\"https:\\\/\\\/www.monello.hu\\\/#organization\"},\"image\":{\"@id\":\"https:\\\/\\\/www.monello.hu\\\/2020\\\/01\\\/14\\\/vasarloi-visszajelzesek-2020-januar\\\/#primaryimage\"},\"thumbnailUrl\":\"https:\\\/\\\/www.monello.hu\\\/wp-content\\\/uploads\\\/2020\\\/01\\\/Alexandra_Micu3-1.png\",\"keywords\":[\"mi \u00e9s a monello\",\"\u0151k \u00e9s a monello\"],\"articleSection\":[\"Ti \u00e9s a Monello\"],\"inLanguage\":\"en-GB\",\"potentialAction\":[{\"@type\":\"CommentAction\",\"name\":\"Comment\",\"target\":[\"https:\\\/\\\/www.monello.hu\\\/2020\\\/01\\\/14\\\/vasarloi-visszajelzesek-2020-januar\\\/#respond\"]}]},{\"@type\":\"WebPage\",\"@id\":\"https:\\\/\\\/www.monello.hu\\\/2020\\\/01\\\/14\\\/vasarloi-visszajelzesek-2020-januar\\\/\",\"url\":\"https:\\\/\\\/www.monello.hu\\\/2020\\\/01\\\/14\\\/vasarloi-visszajelzesek-2020-januar\\\/\",\"name\":\"V\u00e1s\u00e1rl\u00f3i visszajelz\u00e9sek - 2020. janu\u00e1r - Monello baby&amp;more\",\"isPartOf\":{\"@id\":\"https:\\\/\\\/www.monello.hu\\\/#website\"},\"primaryImageOfPage\":{\"@id\":\"https:\\\/\\\/www.monello.hu\\\/2020\\\/01\\\/14\\\/vasarloi-visszajelzesek-2020-januar\\\/#primaryimage\"},\"image\":{\"@id\":\"https:\\\/\\\/www.monello.hu\\\/2020\\\/01\\\/14\\\/vasarloi-visszajelzesek-2020-januar\\\/#primaryimage\"},\"thumbnailUrl\":\"https:\\\/\\\/www.monello.hu\\\/wp-content\\\/uploads\\\/2020\\\/01\\\/Alexandra_Micu3-1.png\",\"datePublished\":\"2020-01-14T07:57:29+00:00\",\"dateModified\":\"2020-02-02T10:01:01+00:00\",\"breadcrumb\":{\"@id\":\"https:\\\/\\\/www.monello.hu\\\/2020\\\/01\\\/14\\\/vasarloi-visszajelzesek-2020-januar\\\/#breadcrumb\"},\"inLanguage\":\"en-GB\",\"potentialAction\":[{\"@type\":\"ReadAction\",\"target\":[\"https:\\\/\\\/www.monello.hu\\\/2020\\\/01\\\/14\\\/vasarloi-visszajelzesek-2020-januar\\\/\"]}]},{\"@type\":\"ImageObject\",\"inLanguage\":\"en-GB\",\"@id\":\"https:\\\/\\\/www.monello.hu\\\/2020\\\/01\\\/14\\\/vasarloi-visszajelzesek-2020-januar\\\/#primaryimage\",\"url\":\"https:\\\/\\\/www.monello.hu\\\/wp-content\\\/uploads\\\/2020\\\/01\\\/Alexandra_Micu3-1.png\",\"contentUrl\":\"https:\\\/\\\/www.monello.hu\\\/wp-content\\\/uploads\\\/2020\\\/01\\\/Alexandra_Micu3-1.png\",\"width\":940,\"height\":788},{\"@type\":\"BreadcrumbList\",\"@id\":\"https:\\\/\\\/www.monello.hu\\\/2020\\\/01\\\/14\\\/vasarloi-visszajelzesek-2020-januar\\\/#breadcrumb\",\"itemListElement\":[{\"@type\":\"ListItem\",\"position\":1,\"name\":\"Home\",\"item\":\"https:\\\/\\\/www.monello.hu\\\/\"},{\"@type\":\"ListItem\",\"position\":2,\"name\":\"V\u00e1s\u00e1rl\u00f3i visszajelz\u00e9sek &#8211; 2020. janu\u00e1r\"}]},{\"@type\":\"WebSite\",\"@id\":\"https:\\\/\\\/www.monello.hu\\\/#website\",\"url\":\"https:\\\/\\\/www.monello.hu\\\/\",\"name\":\"Monello baby&more\",\"description\":\"\",\"publisher\":{\"@id\":\"https:\\\/\\\/www.monello.hu\\\/#organization\"},\"potentialAction\":[{\"@type\":\"SearchAction\",\"target\":{\"@type\":\"EntryPoint\",\"urlTemplate\":\"https:\\\/\\\/www.monello.hu\\\/?s={search_term_string}\"},\"query-input\":{\"@type\":\"PropertyValueSpecification\",\"valueRequired\":true,\"valueName\":\"search_term_string\"}}],\"inLanguage\":\"en-GB\"},{\"@type\":\"Organization\",\"@id\":\"https:\\\/\\\/www.monello.hu\\\/#organization\",\"name\":\"Monello baby&more\",\"url\":\"https:\\\/\\\/www.monello.hu\\\/\",\"logo\":{\"@type\":\"ImageObject\",\"inLanguage\":\"en-GB\",\"@id\":\"https:\\\/\\\/www.monello.hu\\\/#\\\/schema\\\/logo\\\/image\\\/\",\"url\":\"https:\\\/\\\/www.monello.hu\\\/wp-content\\\/uploads\\\/2025\\\/11\\\/MONDELLO_LOGO_NEW_LOGO_HORIZONT_black.png\",\"contentUrl\":\"https:\\\/\\\/www.monello.hu\\\/wp-content\\\/uploads\\\/2025\\\/11\\\/MONDELLO_LOGO_NEW_LOGO_HORIZONT_black.png\",\"width\":1722,\"height\":600,\"caption\":\"Monello baby&more\"},\"image\":{\"@id\":\"https:\\\/\\\/www.monello.hu\\\/#\\\/schema\\\/logo\\\/image\\\/\"},\"sameAs\":[\"https:\\\/\\\/www.facebook.com\\\/monellobabyandmore\\\/\",\"https:\\\/\\\/www.instagram.com\\\/monello_moms\\\/\",\"https:\\\/\\\/www.tiktok.com\\\/@monellobabyandmore\"]},{\"@type\":\"Person\",\"@id\":\"https:\\\/\\\/www.monello.hu\\\/#\\\/schema\\\/person\\\/6d1c199967570661488f2988b301b3a8\",\"name\":\"MonelloMom\",\"image\":{\"@type\":\"ImageObject\",\"inLanguage\":\"en-GB\",\"@id\":\"https:\\\/\\\/secure.gravatar.com\\\/avatar\\\/f2d1f4b571ec5c424c0c5a7683874fabb2f3fc9201a6e7de476b02a4dbf85ff1?s=96&d=mm&r=g\",\"url\":\"https:\\\/\\\/secure.gravatar.com\\\/avatar\\\/f2d1f4b571ec5c424c0c5a7683874fabb2f3fc9201a6e7de476b02a4dbf85ff1?s=96&d=mm&r=g\",\"contentUrl\":\"https:\\\/\\\/secure.gravatar.com\\\/avatar\\\/f2d1f4b571ec5c424c0c5a7683874fabb2f3fc9201a6e7de476b02a4dbf85ff1?s=96&d=mm&r=g\",\"caption\":\"MonelloMom\"},\"url\":\"https:\\\/\\\/www.monello.hu\\\/en\\\/author\\\/workaddict\\\/\"}]}<\/script>\n<!-- \/ Yoast SEO plugin. -->","yoast_head_json":{"title":"V\u00e1s\u00e1rl\u00f3i visszajelz\u00e9sek - 2020. janu\u00e1r - Monello baby&amp;more","robots":{"index":"index","follow":"follow","max-snippet":"max-snippet:-1","max-image-preview":"max-image-preview:large","max-video-preview":"max-video-preview:-1"},"canonical":"https:\/\/www.monello.hu\/en\/2020\/01\/14\/vasarloi-visszajelzesek-2020-januar\/","og_locale":"en_GB","og_type":"article","og_title":"V\u00e1s\u00e1rl\u00f3i visszajelz\u00e9sek - 2020. janu\u00e1r - Monello baby&amp;more","og_description":"\"Tegnap fel is avattuk, \"szerencs\u00e9nkre\" es\u0151ben is siker\u00fclt kipr\u00f3b\u00e1lni...teljesen oda- vissza vagyok, hogy pergeti le a vizet Arr\u00f3l nem is besz\u00e9lve, hogy alatta csak az \"otthoni\" ruha volt rajta, hossz\u00fa ujj\u00fa body \u00e9s egy v\u00e9kony nadr\u00e1g, \u00e9s m\u00e9gis izzadt kb. benne, a k\u00fcl\u00f6n sapit le is vett\u00fck r\u00f3la. \u0150 itt a fiam, Zente, 6 h\u00f3s 70 cm, a T\u00e9li kiscsillag 80-as. A mostanival egy\u00fctt m\u00e1r 4. csillagot ny\u00fazzuk\" Alexandra, Zente anyuk\u00e1ja >>","og_url":"https:\/\/www.monello.hu\/en\/2020\/01\/14\/vasarloi-visszajelzesek-2020-januar\/","og_site_name":"Monello baby&amp;more","article_publisher":"https:\/\/www.facebook.com\/monellobabyandmore\/","article_published_time":"2020-01-14T07:57:29+00:00","article_modified_time":"2020-02-02T10:01:01+00:00","og_image":[{"width":940,"height":788,"url":"https:\/\/www.monello.hu\/wp-content\/uploads\/2020\/01\/Alexandra_Micu3-1.png","type":"image\/png"}],"author":"MonelloMom","twitter_card":"summary_large_image","twitter_misc":{"Written by":"MonelloMom","Estimated reading time":"6 minutes"},"schema":{"@context":"https:\/\/schema.org","@graph":[{"@type":"Article","@id":"https:\/\/www.monello.hu\/2020\/01\/14\/vasarloi-visszajelzesek-2020-januar\/#article","isPartOf":{"@id":"https:\/\/www.monello.hu\/2020\/01\/14\/vasarloi-visszajelzesek-2020-januar\/"},"author":{"name":"MonelloMom","@id":"https:\/\/www.monello.hu\/#\/schema\/person\/6d1c199967570661488f2988b301b3a8"},"headline":"V\u00e1s\u00e1rl\u00f3i visszajelz\u00e9sek &#8211; 2020. janu\u00e1r","datePublished":"2020-01-14T07:57:29+00:00","dateModified":"2020-02-02T10:01:01+00:00","mainEntityOfPage":{"@id":"https:\/\/www.monello.hu\/2020\/01\/14\/vasarloi-visszajelzesek-2020-januar\/"},"wordCount":1279,"commentCount":0,"publisher":{"@id":"https:\/\/www.monello.hu\/#organization"},"image":{"@id":"https:\/\/www.monello.hu\/2020\/01\/14\/vasarloi-visszajelzesek-2020-januar\/#primaryimage"},"thumbnailUrl":"https:\/\/www.monello.hu\/wp-content\/uploads\/2020\/01\/Alexandra_Micu3-1.png","keywords":["mi \u00e9s a monello","\u0151k \u00e9s a monello"],"articleSection":["Ti \u00e9s a Monello"],"inLanguage":"en-GB","potentialAction":[{"@type":"CommentAction","name":"Comment","target":["https:\/\/www.monello.hu\/2020\/01\/14\/vasarloi-visszajelzesek-2020-januar\/#respond"]}]},{"@type":"WebPage","@id":"https:\/\/www.monello.hu\/2020\/01\/14\/vasarloi-visszajelzesek-2020-januar\/","url":"https:\/\/www.monello.hu\/2020\/01\/14\/vasarloi-visszajelzesek-2020-januar\/","name":"V\u00e1s\u00e1rl\u00f3i visszajelz\u00e9sek - 2020. janu\u00e1r - Monello baby&amp;more","isPartOf":{"@id":"https:\/\/www.monello.hu\/#website"},"primaryImageOfPage":{"@id":"https:\/\/www.monello.hu\/2020\/01\/14\/vasarloi-visszajelzesek-2020-januar\/#primaryimage"},"image":{"@id":"https:\/\/www.monello.hu\/2020\/01\/14\/vasarloi-visszajelzesek-2020-januar\/#primaryimage"},"thumbnailUrl":"https:\/\/www.monello.hu\/wp-content\/uploads\/2020\/01\/Alexandra_Micu3-1.png","datePublished":"2020-01-14T07:57:29+00:00","dateModified":"2020-02-02T10:01:01+00:00","breadcrumb":{"@id":"https:\/\/www.monello.hu\/2020\/01\/14\/vasarloi-visszajelzesek-2020-januar\/#breadcrumb"},"inLanguage":"en-GB","potentialAction":[{"@type":"ReadAction","target":["https:\/\/www.monello.hu\/2020\/01\/14\/vasarloi-visszajelzesek-2020-januar\/"]}]},{"@type":"ImageObject","inLanguage":"en-GB","@id":"https:\/\/www.monello.hu\/2020\/01\/14\/vasarloi-visszajelzesek-2020-januar\/#primaryimage","url":"https:\/\/www.monello.hu\/wp-content\/uploads\/2020\/01\/Alexandra_Micu3-1.png","contentUrl":"https:\/\/www.monello.hu\/wp-content\/uploads\/2020\/01\/Alexandra_Micu3-1.png","width":940,"height":788},{"@type":"BreadcrumbList","@id":"https:\/\/www.monello.hu\/2020\/01\/14\/vasarloi-visszajelzesek-2020-januar\/#breadcrumb","itemListElement":[{"@type":"ListItem","position":1,"name":"Home","item":"https:\/\/www.monello.hu\/"},{"@type":"ListItem","position":2,"name":"V\u00e1s\u00e1rl\u00f3i visszajelz\u00e9sek &#8211; 2020. janu\u00e1r"}]},{"@type":"WebSite","@id":"https:\/\/www.monello.hu\/#website","url":"https:\/\/www.monello.hu\/","name":"Monello baby&more","description":"","publisher":{"@id":"https:\/\/www.monello.hu\/#organization"},"potentialAction":[{"@type":"SearchAction","target":{"@type":"EntryPoint","urlTemplate":"https:\/\/www.monello.hu\/?s={search_term_string}"},"query-input":{"@type":"PropertyValueSpecification","valueRequired":true,"valueName":"search_term_string"}}],"inLanguage":"en-GB"},{"@type":"Organization","@id":"https:\/\/www.monello.hu\/#organization","name":"Monello baby&more","url":"https:\/\/www.monello.hu\/","logo":{"@type":"ImageObject","inLanguage":"en-GB","@id":"https:\/\/www.monello.hu\/#\/schema\/logo\/image\/","url":"https:\/\/www.monello.hu\/wp-content\/uploads\/2025\/11\/MONDELLO_LOGO_NEW_LOGO_HORIZONT_black.png","contentUrl":"https:\/\/www.monello.hu\/wp-content\/uploads\/2025\/11\/MONDELLO_LOGO_NEW_LOGO_HORIZONT_black.png","width":1722,"height":600,"caption":"Monello baby&more"},"image":{"@id":"https:\/\/www.monello.hu\/#\/schema\/logo\/image\/"},"sameAs":["https:\/\/www.facebook.com\/monellobabyandmore\/","https:\/\/www.instagram.com\/monello_moms\/","https:\/\/www.tiktok.com\/@monellobabyandmore"]},{"@type":"Person","@id":"https:\/\/www.monello.hu\/#\/schema\/person\/6d1c199967570661488f2988b301b3a8","name":"MonelloMom","image":{"@type":"ImageObject","inLanguage":"en-GB","@id":"https:\/\/secure.gravatar.com\/avatar\/f2d1f4b571ec5c424c0c5a7683874fabb2f3fc9201a6e7de476b02a4dbf85ff1?s=96&d=mm&r=g","url":"https:\/\/secure.gravatar.com\/avatar\/f2d1f4b571ec5c424c0c5a7683874fabb2f3fc9201a6e7de476b02a4dbf85ff1?s=96&d=mm&r=g","contentUrl":"https:\/\/secure.gravatar.com\/avatar\/f2d1f4b571ec5c424c0c5a7683874fabb2f3fc9201a6e7de476b02a4dbf85ff1?s=96&d=mm&r=g","caption":"MonelloMom"},"url":"https:\/\/www.monello.hu\/en\/author\/workaddict\/"}]}},"_links":{"self":[{"href":"https:\/\/www.monello.hu\/en\/wp-json\/wp\/v2\/posts\/6983","targetHints":{"allow":["GET"]}}],"collection":[{"href":"https:\/\/www.monello.hu\/en\/wp-json\/wp\/v2\/posts"}],"about":[{"href":"https:\/\/www.monello.hu\/en\/wp-json\/wp\/v2\/types\/post"}],"author":[{"embeddable":true,"href":"https:\/\/www.monello.hu\/en\/wp-json\/wp\/v2\/users\/33"}],"replies":[{"embeddable":true,"href":"https:\/\/www.monello.hu\/en\/wp-json\/wp\/v2\/comments?post=6983"}],"version-history":[{"count":33,"href":"https:\/\/www.monello.hu\/en\/wp-json\/wp\/v2\/posts\/6983\/revisions"}],"predecessor-version":[{"id":7153,"href":"https:\/\/www.monello.hu\/en\/wp-json\/wp\/v2\/posts\/6983\/revisions\/7153"}],"wp:featuredmedia":[{"embeddable":true,"href":"https:\/\/www.monello.hu\/en\/wp-json\/wp\/v2\/media\/6985"}],"wp:attachment":[{"href":"https:\/\/www.monello.hu\/en\/wp-json\/wp\/v2\/media?parent=6983"}],"wp:term":[{"taxonomy":"category","embeddable":true,"href":"https:\/\/www.monello.hu\/en\/wp-json\/wp\/v2\/categories?post=6983"},{"taxonomy":"post_tag","embeddable":true,"href":"https:\/\/www.monello.hu\/en\/wp-json\/wp\/v2\/tags?post=6983"}],"curies":[{"name":"wp","href":"https:\/\/api.w.org\/{rel}","templated":true}]}}